{"id":569,"date":"2024-09-06T22:54:44","date_gmt":"2024-09-06T16:54:44","guid":{"rendered":"https:\/\/atuspain.es\/wordpress\/?p=569"},"modified":"2024-09-06T22:54:44","modified_gmt":"2024-09-06T16:54:44","slug":"la-educacion-universitaria-no-es-un-negocio","status":"publish","type":"post","link":"https:\/\/atuspain.es\/wordpress\/?p=569","title":{"rendered":"La Educaci\u00f3n Universitaria no es un Negocio"},"content":{"rendered":"\n<p>La Comunidad de Madrid propone una ley de universidades que invade la autonom\u00eda universitaria y dar\u00e1 un golpe definitivo a las Universidades P\u00fablicas de Madrid<\/p>\n\n\n\n<p>Se est\u00e1 preparando un Proyecto de Ley que incluye propuestas lesivas para las Universidades P\u00fablicas de la Comunidad de Madrid.<br>El consejero de Educaci\u00f3n, Ciencia y Universidades, Emilio Viciana, se reuni\u00f3 en julio con los Rectores de las universidades p\u00fablicas para tratar esta normativa y les presento un resumen de ocho p\u00e1ginas con poca concreci\u00f3n. El documento definitivo tendr\u00e1 250 art\u00edculos y llevar\u00e1 el nombre de Ley de Ense\u00f1anzas Superiores, Universidades y Ciencia. El borrador de ley no ha contado con la comunidad afectada, representada por (rectores, sindicatos y estudiantes) y la intenci\u00f3n es presentarla para su aprobaci\u00f3n a finales de 2024.<\/p>\n\n\n\n<p>La futura ley abre la puerta entre otras cuestiones, la mercantilizaci\u00f3n de los estudios superiores, a la sanci\u00f3n de la protesta estudiantil o a la firma de conciertos y subvenciones para la FINANCIACI\u00d3N p\u00fablica de las UNIVERSIDADES PRIVADAS, que son instituciones con \u00e1nimo de lucro. Se detrae dinero de las Universidades P\u00fablicas y se subvenciona a las Privadas para que hagan negocio.<\/p>\n\n\n\n<p>En cambio plantea una financiaci\u00f3n de las Universidades P\u00fablicas del 70%, para gastos de personal y de funcionamiento en la formaci\u00f3n Docente de sus estudiantes, pero no garantiza que la financiaci\u00f3n b\u00e1sica se cubra, incluida la investigaci\u00f3n estructural. El otro 30% han se obtenerlo incrementando las tasas universitarias, ofertando t\u00edtulos propios, convenios con empresas, proyectos, etc. que aumentan la dependencia de \u00e1mbitos privados de escaso o nulo inter\u00e9s cient\u00edfico.<br>Esto supone un recorte muy importante, cuando la financiaci\u00f3n actual no cubre los gastos de Personal, mantenimiento de infraestructuras, laboratorios, etc. Actualmente, cinco de las seis universidades p\u00fablicas est\u00e1n con d\u00e9ficit como consecuencia de esos recortes en investigaciones, becas y diversas actividades acad\u00e9micas. La comunidad de Madrid tiene los precios de matr\u00edcula m\u00e1s altos. El Consejero de Educaci\u00f3n, Ciencia y Universidades adelanto a los sindicatos que la ley, \u00abir\u00e1 acompa\u00f1ada de un incremento presupuesto de cero euros\u201d, a pesar de la creciente infrafinanciaci\u00f3n. Esta pol\u00edtica universitaria es contraria a la autonom\u00eda e independencia acad\u00e9mica de las universidades p\u00fablicas, y favorece \u00e1reas de estudio con mayor rentabilidad econ\u00f3mica en detrimento de otras muy importantes para la cultura de este pa\u00eds.<\/p>\n\n\n\n<p>Las universidades p\u00fablicas madrile\u00f1as son las peor financiadas, su inversi\u00f3n por alumno ronda el 71% de la media nacional y es la m\u00e1s baja de todas las comunidades.<br>En consecuencia no se podr\u00e1n bajar las tasas acad\u00e9micas, dificultando as\u00ed los estudios universitarios y cercenando el principio de igualdad de oportunidades. La educaci\u00f3n superior ser\u00e1\u201cSOLO PARA \u00c9LITES ECON\u00d3MICAS\u201dy supone la privatizaci\u00f3n enmascarada al tener las universidades que mercantilizarse para completar sus presupuestos. A los estudiantes que no tengan recursos familiares solo les queda endeudarse con cr\u00e9ditos a devolver en mucho tiempo u olvidarse de los estudios universitarios. La EDUCACI\u00d3N UNIVERSITARIA SE CONVIERTE EN UN NEGOCIO.<\/p>\n\n\n\n<p>Esta nueva ley va contra la LOSU, Ley Org\u00e1nica del Sistema Universitario, estatal, pretendiendo nombrar un Interventor para la Universidad, quitar al Rector la potestad de elegir al Gerente y regular aspectos que ya est\u00e1n en la Ley estatal o que son del \u00e1mbito de la negociaci\u00f3n colectiva, lo que supone una ilegalidad.<br>En una COMUNIDAD AUT\u00d3NOMA UNIPROVINCIAL, con seis universidades p\u00fablicas, que no crecen desde 1996, ASISTIMOS A UNA EXPANSI\u00d3N DE LAS PRIVADAS que son ya 13 y pronto 15, proliferando Centros adscritos a universidades, como el de la U. Cat\u00f3lica de Murcia en Torrej\u00f3n de Ardoz.<\/p>\n\n\n\n<p>La proposici\u00f3n de Ley no nace de una necesidad para mejorar la calidad, ni la investigaci\u00f3n, ni llegar a su pretendida excelencia, ni por supuesto mejorar la financiaci\u00f3n, ni rendici\u00f3n de cuentas, tiene como objetivo su controversia pol\u00edtica con el Gobierno Central. Con estas pol\u00edticas pierden los ciudadanos madrile\u00f1os.<br>El borrador de Ley del Gobierno de la Comunidad pretende establecer un R\u00e9gimen Sancionador contra la libertad de expresi\u00f3n y opini\u00f3n de los Estudiantes en los campus universitarios, con sanciones leves, graves o muy graves. Los rectores han hecho llegar una respuesta muy cr\u00edtica de 18 p\u00e1ginas al consejero Emilio Viciana y le recuerdan la Ley de Convivencia Universitaria de 2022, donde est\u00e1n previstas sanciones y el Estatuto B\u00e1sico del Empleado P\u00fablico de 1986 para el personal de las universidades.<br>Todo el Personal Docente e Investigador, Estudiantes y Personal de Administraci\u00f3n y Servicios, tenemos que OPONERNOS frontalmente contra este Proyecto de Ley, expresando su RECHAZO en Asambleas, Departamentos, Juntas de Facultad y de Escuelas, Claustros Universitarios y Consejos de Gobierno de nuestras Universidades P\u00fablicas de la Comunidad de Madrid.<\/p>\n\n\n\n<p>CUPUMA (Coordinadora de las Universidades P\u00fablicas de Madrid)<\/p>\n","protected":false},"excerpt":{"rendered":"<p>La Comunidad de Madrid propone una ley de universidades que invade la autonom\u00eda universitaria y dar\u00e1 un golpe definitivo a las Universidades P\u00fablicas de Madrid Se est\u00e1 preparando un Proyecto de Ley que incluye propuestas lesivas para las Universidades P\u00fablicas de la Comunidad de Madrid.El consejero de Educaci\u00f3n, Ciencia y Universidades, Emilio Viciana, se reuni\u00f3 &hellip; <a href=\"https:\/\/atuspain.es\/wordpress\/?p=569\" class=\"more-link\">Seguir leyendo <span class=\"screen-reader-text\">La Educaci\u00f3n Universitaria no es un Negocio<\/span> <span class=\"meta-nav\">&rarr;<\/span><\/a><\/p>\n","protected":false},"author":1,"featured_media":0,"comment_status":"closed","ping_status":"closed","sticky":false,"template":"","format":"standard","meta":[],"categories":[8],"tags":[],"_links":{"self":[{"href":"https:\/\/atuspain.es\/wordpress\/index.php?rest_route=\/wp\/v2\/posts\/569"}],"collection":[{"href":"https:\/\/atuspain.es\/wordpress\/index.php?rest_route=\/wp\/v2\/posts"}],"about":[{"href":"https:\/\/atuspain.es\/wordpress\/index.php?rest_route=\/wp\/v2\/types\/post"}],"author":[{"embeddable":true,"href":"https:\/\/atuspain.es\/wordpress\/index.php?rest_route=\/wp\/v2\/users\/1"}],"replies":[{"embeddable":true,"href":"https:\/\/atuspain.es\/wordpress\/index.php?rest_route=%2Fwp%2Fv2%2Fcomments&post=569"}],"version-history":[{"count":1,"href":"https:\/\/atuspain.es\/wordpress\/index.php?rest_route=\/wp\/v2\/posts\/569\/revisions"}],"predecessor-version":[{"id":570,"href":"https:\/\/atuspain.es\/wordpress\/index.php?rest_route=\/wp\/v2\/posts\/569\/revisions\/570"}],"wp:attachment":[{"href":"https:\/\/atuspain.es\/wordpress\/index.php?rest_route=%2Fwp%2Fv2%2Fmedia&parent=569"}],"wp:term":[{"taxonomy":"category","embeddable":true,"href":"https:\/\/atuspain.es\/wordpress\/index.php?rest_route=%2Fwp%2Fv2%2Fcategories&post=569"},{"taxonomy":"post_tag","embeddable":true,"href":"https:\/\/atuspain.es\/wordpress\/index.php?rest_route=%2Fwp%2Fv2%2Ftags&post=569"}],"curies":[{"name":"wp","href":"https:\/\/api.w.org\/{rel}","templated":true}]}}