{"id":560,"date":"2024-04-26T21:59:08","date_gmt":"2024-04-26T15:59:08","guid":{"rendered":"https:\/\/atuspain.es\/wordpress\/?p=560"},"modified":"2024-10-21T13:57:34","modified_gmt":"2024-10-21T07:57:34","slug":"en-defensa-de-las-universidades-publicas","status":"publish","type":"post","link":"https:\/\/atuspain.es\/wordpress\/?p=560","title":{"rendered":"En defensa de las Universidades P\u00fablicas"},"content":{"rendered":"\n<figure class=\"wp-block-image size-full\"><a href=\"https:\/\/atuspain.es\/wordpress\/wp-content\/uploads\/2024\/04\/istockphoto-1592134567-612x612-1.jpg\"><img decoding=\"async\" loading=\"lazy\" width=\"612\" height=\"408\" src=\"https:\/\/atuspain.es\/wordpress\/wp-content\/uploads\/2024\/04\/istockphoto-1592134567-612x612-1.jpg\" alt=\"\" class=\"wp-image-562\" srcset=\"https:\/\/atuspain.es\/wordpress\/wp-content\/uploads\/2024\/04\/istockphoto-1592134567-612x612-1.jpg 612w, https:\/\/atuspain.es\/wordpress\/wp-content\/uploads\/2024\/04\/istockphoto-1592134567-612x612-1-300x200.jpg 300w\" sizes=\"(max-width: 612px) 100vw, 612px\" \/><\/a><figcaption class=\"wp-element-caption\">Universidad de Salamanca<\/figcaption><\/figure>\n\n\n\n<p>EN DEFENSA DE LAS UNIVERSIDADES P\u00daBLICAS<br>Los Rectores de las Universidades P\u00fablicas de Madrid se reunieron en un Acto el pasado 17 de abril, para resaltar la importancia de las mismas en nuestra sociedad.<br>Destacaron la adaptaci\u00f3n de los diferentes estudios que se imparten y su oferta, a los cambios sociales y tecnol\u00f3gicos, la relevancia de la investigaci\u00f3n en la Universidad, que supone el 70% de toda la investigaci\u00f3n, y la transferencia tecnol\u00f3gica tan importante para el desarrollo de nuestras empresas.<br>Las Universidades P\u00fablicas son fundamentales para que todos los que tengan capacidades puedan acceder a sus estudios, independientemente de su capacidad econ\u00f3mica y por tanto debe tenerse en cuenta en los precios de las matr\u00edculas universitarias, as\u00ed como en las becas. Los pr\u00e9stamos privados no son la soluci\u00f3n; son una carga y su implementaci\u00f3n en los tiempos del denostado Ministro Jos\u00e9 Ignacio Wert en 2014, han sido un fiasco.<br>Nuestro pa\u00eds invierte en becas, medido en porcentaje de PIB, menos de la mitad de la media de los pa\u00edses de la Uni\u00f3n Europea. Adem\u00e1s, si comparamos el gasto p\u00fablico en educaci\u00f3n superior de Espa\u00f1a con la media de la UE, comprobaremos que el gasto medido en porcentaje del PIB est\u00e1 muy por debajo.<br>La inversi\u00f3n m\u00e1xima en educaci\u00f3n superior, alcanzada en 2010, ascendi\u00f3 al 1,17 por ciento del PIB. Es decir, nuestros m\u00e1ximos han estado por debajo de la media habitual de la OCDE y de la Uni\u00f3n Europea (1,26%).<br>El Presupuesto que la Comunidad de Madrid asigna a las Universidades P\u00fablicas es un 15% menor que en 2010. Con esta FINANCIACI\u00d3N no se cubren los gastos de Personal, ni por supuesto los gastos de mantenimiento de infraestructuras, ni de nuevas necesidades, provocando un grave deterioro en el buen funcionamiento de estas Universidades.<br>La Comunidad de Madrid es la responsable de sus Universidades P\u00fablicas, por tanto su deber es vigilar su buen funcionamiento, la calidad de las mismas, y de que cumplan con su labor social encomendada.<br>Pero nuestra Comunidad, lleva una pol\u00edtica totalmente contraria, haciendo que cada vez tengan peores condiciones en todo. El \u00fanico crecimiento desmesurado que se ha producido es el de las universidades privadas, alentado por la estrategia de demolici\u00f3n de la educaci\u00f3n p\u00fablica. Madrid se ha convertido en la autonom\u00eda con m\u00e1s centros de estudios superiores privados de todo el Estado, con 13 centros universitarios privados ubicados en la regi\u00f3n. Una cifra excesiva si se compara con el n\u00famero de alumnos que realizan sus estudios en la comunidad, situado alrededor del 21%.<br>Est\u00e1 bien que los Rectores se re\u00fanan en un acto no acad\u00e9mico desde 2004, pero no pueden ser tan tibios y tenues en la defensa de sus Universidades. Deben ejercer el cargo con toda su responsabilidad y mayor contundencia, denunciando la pol\u00edtica educativa (universitaria) de la Comunidad de Madrid para acabar con las Universidades P\u00fablicas.<br>Tienen que exigir una FINANCIACI\u00d3N SUFICIENTE y acorde con el trabajo desarrollado en las Universidades P\u00fablicas y su repercusi\u00f3n en esta Comunidad.<br>Es necesario que los Rectores de las universidades P\u00fablicas madrile\u00f1as muevan todos los resortes para que la Comunidad de Madrid asuma su responsabilidad.<br>CUPUMA Coordinadora de las Universidades P\u00fablicas de Madrid<\/p>\n","protected":false},"excerpt":{"rendered":"<p>EN DEFENSA DE LAS UNIVERSIDADES P\u00daBLICASLos Rectores de las Universidades P\u00fablicas de Madrid se reunieron en un Acto el pasado 17 de abril, para resaltar la importancia de las mismas en nuestra sociedad.Destacaron la adaptaci\u00f3n de los diferentes estudios que se imparten y su oferta, a los cambios sociales y tecnol\u00f3gicos, la relevancia de la &hellip; <a href=\"https:\/\/atuspain.es\/wordpress\/?p=560\" class=\"more-link\">Seguir leyendo <span class=\"screen-reader-text\">En defensa de las Universidades P\u00fablicas<\/span> <span class=\"meta-nav\">&rarr;<\/span><\/a><\/p>\n","protected":false},"author":1,"featured_media":0,"comment_status":"closed","ping_status":"closed","sticky":false,"template":"","format":"standard","meta":[],"categories":[1],"tags":[],"_links":{"self":[{"href":"https:\/\/atuspain.es\/wordpress\/index.php?rest_route=\/wp\/v2\/posts\/560"}],"collection":[{"href":"https:\/\/atuspain.es\/wordpress\/index.php?rest_route=\/wp\/v2\/posts"}],"about":[{"href":"https:\/\/atuspain.es\/wordpress\/index.php?rest_route=\/wp\/v2\/types\/post"}],"author":[{"embeddable":true,"href":"https:\/\/atuspain.es\/wordpress\/index.php?rest_route=\/wp\/v2\/users\/1"}],"replies":[{"embeddable":true,"href":"https:\/\/atuspain.es\/wordpress\/index.php?rest_route=%2Fwp%2Fv2%2Fcomments&post=560"}],"version-history":[{"count":2,"href":"https:\/\/atuspain.es\/wordpress\/index.php?rest_route=\/wp\/v2\/posts\/560\/revisions"}],"predecessor-version":[{"id":564,"href":"https:\/\/atuspain.es\/wordpress\/index.php?rest_route=\/wp\/v2\/posts\/560\/revisions\/564"}],"wp:attachment":[{"href":"https:\/\/atuspain.es\/wordpress\/index.php?rest_route=%2Fwp%2Fv2%2Fmedia&parent=560"}],"wp:term":[{"taxonomy":"category","embeddable":true,"href":"https:\/\/atuspain.es\/wordpress\/index.php?rest_route=%2Fwp%2Fv2%2Fcategories&post=560"},{"taxonomy":"post_tag","embeddable":true,"href":"https:\/\/atuspain.es\/wordpress\/index.php?rest_route=%2Fwp%2Fv2%2Ftags&post=560"}],"curies":[{"name":"wp","href":"https:\/\/api.w.org\/{rel}","templated":true}]}}