{"id":541,"date":"2019-11-25T01:56:29","date_gmt":"2019-11-24T19:56:29","guid":{"rendered":"http:\/\/atuspain.es\/wordpress\/?p=541"},"modified":"2022-11-29T00:19:46","modified_gmt":"2022-11-28T18:19:46","slug":"ahora-o-nunca","status":"publish","type":"post","link":"https:\/\/atuspain.es\/wordpress\/?p=541","title":{"rendered":"AHORA O \u00bfNUNCA?"},"content":{"rendered":"<p><strong>CUPUMA (COORDINADORA UNIVERSIDADES P\u00daBLICAS DE MADRID) INFORMA<\/strong><\/p>\n<p>La Universidad lleva ya demasiado tiempo, discutiendo sobre cu\u00e1l debe ser su modelo. Sus m\u00e1ximos responsables hacen declaraciones defendiendo el modelo de servicio p\u00fablico, pero el comportamiento<span class=\"Apple-converted-space\">\u00a0 <\/span>del actual Gobierno en funciones, y las propuestas de la CRUE, no permiten la menor duda al respecto: defienden la privatizaci\u00f3n de la universidad, aunque discrepen respecto a la velocidad con la que se debe transitar por el camino para alcanzar el objetivo.<\/p>\n<p><!--more--><\/p>\n<p>No cabe la menor duda de que el proceso de privatizaci\u00f3n de la Universidad P\u00fablica, sigue avanzando paso a paso, y la aprobaci\u00f3n de nuevas universidades privadas en la Comunidad de Madrid, supone una fehaciente comprobaci\u00f3n.<\/p>\n<p>Otro de los objetivos a lograr es que, en la designaci\u00f3n de los \u00f3rganos decisorios de las Universidades,<span class=\"Apple-converted-space\">\u00a0 <\/span>desaparezca cualquier tipo de procedimiento democr\u00e1tico. Llevan tiempo tratando de defender la llamada Universidad Gerencial en la que el Rector ser\u00eda un gerente nombrado por el Consejo social, o cualquier otro \u00f3rgano similar, designado de manera mayoritaria por pol\u00edticos, lo que les garantizar\u00eda la mayor\u00eda absoluta para lograr imponer su candidato.<\/p>\n<p><span class=\"Apple-converted-space\">\u00a0<\/span>Esta postura chocaba frontalmente con los intereses de la CRUE, por lo que se iniciaron conversaciones exploratorias con una asociaci\u00f3n privada, de la que se desconoce hasta su manera de financiarse.<\/p>\n<p>Los partidarios de avanzar a mayor velocidad, consideran que es imprescindible llevar a\u00fan m\u00e1s lejos esos<span class=\"Apple-converted-space\">\u00a0 <\/span>planteamientos, abogando por la desaparici\u00f3n del claustro, y por la designaci\u00f3n directa \u2013 por parte del Rector- de los decanos, y que estos designen, a dedo, a los<span class=\"Apple-converted-space\">\u00a0 <\/span>directores de los departamentos.<span class=\"Apple-converted-space\">\u00a0<\/span><\/p>\n<p>Nos llegan noticias, incompletas, que aumentan la zozobra existente: En Julio de 2018, fue nombrado nuevo Secretario General de Universidades, el ex vicerrector de la UCM Jos\u00e9 Manuel Pingarr\u00f3n. A partir de esa fecha se ha ido conociendo con cuentagotas la existencia de determinadas reuniones semisecretas y selectivas, que culminaron con el anuncio, por parte del Director General de universidades, de la existencia de un borrador que pretend\u00eda ser el esquema de una nueva Ley de Universidades.<\/p>\n<p>Resulta, cuando menos, sorprendente el sistema seguido por un gobierno que se autodenomina progresista, de lo que denomina como una Ley de Universidades por Consenso, ocultando la informaci\u00f3n, restringiendo la presencia y la participaci\u00f3n de la comunidad universitaria, filtrando \u00fanicamente informaci\u00f3n a determinados sindicatos y organizaciones afines, etc. etc.<span class=\"Apple-converted-space\">\u00a0<\/span><\/p>\n<p><span class=\"Apple-converted-space\">\u00a0<\/span>Ante semejante situaci\u00f3n, CUPUMA considera que es imprescindible reclamar informaci\u00f3n fidedigna al actual ministro en funciones Pedro Duque, y\/o a quien le sustituya, sobre esa nueva ley, as\u00ed como solicitar formalmente la participaci\u00f3n, en la elaboraci\u00f3n de dicho documento, de toda la comunidad educativa, para que se pueda hablar con fundamento de una ley de universidades de consenso, elaborada con verdadera trasparencia.<\/p>\n<p>Solo podemos hablar, y parcialmente, de ciertos temas desvelados por algunos de los presentes en las ya citadas reuniones. <span class=\"Apple-converted-space\">\u00a0<\/span><\/p>\n<p>Se llev\u00f3 a cabo una presentaci\u00f3n de lo que se denomina las bases de una ley de Universidades, en la que \u201cel Secretario General nos ha ido explicando sus ideas sobre la carrera profesional, desde el acceso hasta la c\u00e1tedra. Aunque afirman que la v\u00eda preferente de consolidaci\u00f3n de la carrera profesional del profesorado, en el sistema universitario p\u00fablico espa\u00f1ol, es la v\u00eda del funcionario p\u00fablico, no se excluye la v\u00eda laboral.<\/p>\n<p>Seg\u00fan este modelo, el acceso, la consolidaci\u00f3n y la posterior promoci\u00f3n ser\u00e1n siempre por concurso p\u00fablico\u201d.<\/p>\n<p>Se pretende igualmente crear y modificar alguna de las figuras docentes existentes en la actualidad, pero sin entrar nunca en el fondo del problema, ignorando tanto la existencia de posibles fraudes de ley, como manteniendo la precariedad, y tratando de poner un parche a la utilizaci\u00f3n fraudulenta y generalizada de las figuras de profesores visitantes y profesores asociados.<\/p>\n<p>La experiencia demuestra<span class=\"Apple-converted-space\">\u00a0 <\/span>que, si uno tiene inter\u00e9s en conocer lo que le espera a la universidad espa\u00f1ola en los a\u00f1os pr\u00f3ximos, hay que leer los informes anuales sobre el sistema universitario espa\u00f1ol, con el que la fundaci\u00f3n CYS pretende \u201c<i>contribuir e impulsar la transformaci\u00f3n de la cultura universitaria en una cultura que premie la <\/i><b><i>voluntad emprendedora<\/i><\/b><i> y la <\/i><b><i>capacidad de riesgo<\/i><\/b><i> de todos los que participan en ella<\/i>.\u201d<\/p>\n<p>La raz\u00f3n es evidente y la utilizaci\u00f3n de un ejemplo actual, lo pone claramente de manifiesto. Mientras desde el gobierno, por un lado, y las Comunidades Auton\u00f3micas por otro, tratan de poner a punto legislaciones nacionales y auton\u00f3micas -frecuentemente contradictorias, ah\u00ed tenemos el reciente anuncio de la Comunidad de Madrid de preparar una nueva ley que sustituya a la fallida de Cifuentes- en el mayor de los secretos, ocultando tanto sus intenciones, como los participantes en su redacci\u00f3n.<\/p>\n<p>Los planteamientos de la Fundaci\u00f3n de la se\u00f1ora Bot\u00edn son obligatoriamente diferentes porque su intenci\u00f3n -al menos aparente- es influir como \u201cexterno\u201d, es decir, desde fuera, por lo que est\u00e1n obligados a exponer sus propuestas con total claridad, sin poder enmascarar sus intenciones con el uso de eufemismos o\/y subterfugios.<\/p>\n<p><span class=\"Apple-converted-space\">\u00a0<\/span>La fundaci\u00f3n CYD (Conocimiento Y Desarrollo), presidida por Ana Bot\u00edn, que tiene entre sus patronos empresas tan claramente interesadas en -el negocio de- la Educaci\u00f3n, como IBM, Telef\u00f3nica, Iberdrola<span class=\"Apple-converted-space\">\u00a0 <\/span>y Prisa, presenta dos sugerencias fundamentales para conseguir la \u201cexcelencia\u201d en la Universidad:<span class=\"Apple-converted-space\">\u00a0<\/span><\/p>\n<p>Los autores del informe proponen acabar con el sistema de elegir a los rectores por sufragio universal -ponderado-. No se dan razones, \u00fanicamente el director del informe, Mart\u00ed Parellada- un experto en \u201ceducaci\u00f3n\u201d que defiende una universidad gerencial, al servicio de los Bancos, y que se ha dedicado prioritariamente a los negocios, asegura que se trata de una de las modificaciones legislativas para \u201cmejorar la autonom\u00eda y la gobernanza\u201d.<\/p>\n<p>Adem\u00e1s de reiteradas alusiones a planteamientos generales La \u00fanica especificaci\u00f3n del director del informe es la afirmaci\u00f3n de que \u201cel sufragio universal ponderado es exc\u00e9ntrico\u201d. Ante semejante problema, expone r\u00e1pidamente la soluci\u00f3n. No<span class=\"Apple-converted-space\">\u00a0 <\/span>se trata de modificar lo discutible de la actual ponderaci\u00f3n , sino que los rectores sean elegidos<span class=\"Apple-converted-space\">\u00a0 <\/span>\u201cpor Consejos de gobierno donde adem\u00e1s de la representantes de la universidad, participen otros \u2018externos\u2019 entre ellos patronales o empresas\u201d.<\/p>\n<p>CUPUMA considera que, si se lleva a cabo el plan defendido y explicitado por el Banco de Santander, la opci\u00f3n de la Universidad como servicio P\u00fablico, es altamente probable que haya perdido definitivamente la batalla. Y creemos que hay que impedirlo a toda costa, por el bien de la ense\u00f1anza y la Educaci\u00f3n en Espa\u00f1a.<\/p>\n<p>Dada la situaci\u00f3n existente, CUPUMA propone que, si finalmente<span class=\"Apple-converted-space\">\u00a0 <\/span>se aprovecha la posibilidad de constituir un gobierno progresista, se afronte de una vez por todas, la problem\u00e1tica de la Universidad en su conjunto. Se cuente para su elaboraci\u00f3n con todos los miembros de la comunidad universitaria, y toda su tramitaci\u00f3n se lleve a cabo con absoluta trasparencia.<span class=\"Apple-converted-space\">\u00a0<\/span><\/p>\n<p>El cat\u00e1logo de temas que tendr\u00eda que abordar y resolver esa ley, ser\u00eda muy amplio, y a modo de adelanto y recuento, CUPUMA propone un avance provisional<span class=\"Apple-converted-space\">\u00a0 <\/span>que sirva de recordatorio provisional.<\/p>\n<p>1.- Defensa del modelo de Universidad como servicio p\u00fablico en contra de las persistentes ataques privatizadores, que se traducen, entre otras cosas, en la permanente aumento de las universidades privadas, en contraste con el estancamiento de las p\u00fablicas.<\/p>\n<p>2.- Revertir la legislaci\u00f3n de la \u00e9poca WERT, incluyendo la artificiosa e incoherente separaci\u00f3n posterior de Educaci\u00f3n y Universidad en dos ministerios diferentes.<\/p>\n<p>3.-Mantenimiento y desarrollo de los planteamientos democr\u00e1ticos en la Universidad, con elecci\u00f3n por sufragio universal de los rectores, de los decanos y de los directores de departamento, oponi\u00e9ndose a los ataques coordinados de Bancos y empresarios.<\/p>\n<p>Igualmente asegurar la trasparencia de la Universidad, y garantizar la participaci\u00f3n de la comunidad Universitaria en las decisiones fundamentales de la Universidad P\u00fablica.<\/p>\n<p>4.- Incremento de la inversi\u00f3n educativa hasta que alcance la media de la CEE.<span class=\"Apple-converted-space\">\u00a0<\/span><\/p>\n<p>5.- Llevar a cabo una auditoria del gasto p\u00fablico en servicios externalizados, cuyos resultados no parecen coincidir con las optimistas previsiones que, te\u00f3ricamente, justificaban su privatizaci\u00f3n.<\/p>\n<p>6.- Un adecuado estudio de las infraestructuras necesarias, seguida de una dotaci\u00f3n adecuada para llevarla a cabo.<\/p>\n<p>7. \u2013 Reversi\u00f3n de los recortes, bajada de las tasas,- con vistas a llegar a la gratuidad como en otras naciones europeas. Incremento de las plantillas para garantizar una educaci\u00f3n universitaria de verdadera calidad.<\/p>\n<p>8.-Cumplir la legislaci\u00f3n en vigor, acabando, de una vez por todas, con los fraudes de ley que vienen produci\u00e9ndose en la utilizaci\u00f3n ilegal de una gran parte de las figuras de profesores visitantes y profesores asociados.<\/p>\n<p>9- Reestructuraci\u00f3n de la Agencias de acreditaci\u00f3n, incluida la ANECA, descartando que se valore la calidad de una investigaci\u00f3n por la empresa editora, y<span class=\"Apple-converted-space\">\u00a0 <\/span>no por su contenido.<\/p>\n<p>10.- Garantizar la Igualdad de requisitos para la creaci\u00f3n de universidades p\u00fablicas y privadas.<\/p>\n<p>11.- Clarificaci\u00f3n y racionalizaci\u00f3n de la carrera acad\u00e9mica del profesorado en la universidad, con la creaci\u00f3n de un estatuto consensuado del PDI, donde se especifique con absoluta claridad y trasparencia, las f\u00f3rmulas de promoci\u00f3n previstas.<\/p>\n<p>12.-Clarificaci\u00f3n<span class=\"Apple-converted-space\">\u00a0 <\/span>y racionalizaci\u00f3n de la carreras del Personal no docente, con la creaci\u00f3n de un estatuto consensuado del PAS, donde se especifique con absoluta claridad y trasparencia, las f\u00f3rmulas de promoci\u00f3n previstas.<\/p>\n<p>13.- Desaparici\u00f3n<span class=\"Apple-converted-space\">\u00a0 <\/span>de la precariedad y la explotaci\u00f3n sistem\u00e1tica, de determinadas figuras docentes.<\/p>\n<p>14.- Cumplimiento riguroso de los l\u00edmites de interinidad previstos.<\/p>\n<p>15.- Crear una comisi\u00f3n de investigaci\u00f3n que estudie la utilizaci\u00f3n torticera de la autonom\u00eda universitaria como forma de encubrir la corrupci\u00f3n en la Universidad, o para evitar castigar comportamientos tan inaceptables como los plagios, o el regalo magn\u00e1nimo de t\u00edtulos universitarios a pol\u00edticos.<\/p>\n<p>Si consideramos inaceptable que el dinero previsto para construir colegios, pueda acabar<span class=\"Apple-converted-space\">\u00a0 <\/span>financiando ilegalmente partidos<span class=\"Apple-converted-space\">\u00a0 <\/span>como el PP de la Comunidad valenciana, es indispensable presionar, para que se publique una legislaci\u00f3n que defienda la Universidad P\u00fablica, entendida como servicio p\u00fablico y que asegure la igualdad de oportunidades de todos los espa\u00f1oles<\/p>\n<p><span class=\"Apple-converted-space\">\u00a0 \u00a0 \u00a0 \u00a0 \u00a0 \u00a0 \u00a0 \u00a0 \u00a0 \u00a0 \u00a0 \u00a0 \u00a0 \u00a0 \u00a0 \u00a0 \u00a0 \u00a0 \u00a0 \u00a0 \u00a0 \u00a0 \u00a0 \u00a0 \u00a0 <\/span>22 de Noviembre de 2019 <span class=\"Apple-converted-space\">\u00a0 \u00a0 \u00a0 \u00a0<\/span><\/p>\n<p><span class=\"Apple-converted-space\">\u00a0<\/span><\/p>\n<p><span class=\"Apple-converted-space\">\u00a0 \u00a0 <\/span>CUPUMA Coordinadora Universidades P\u00fablicas de Madrid<\/p>\n","protected":false},"excerpt":{"rendered":"<p>CUPUMA (COORDINADORA UNIVERSIDADES P\u00daBLICAS DE MADRID) INFORMA La Universidad lleva ya demasiado tiempo, discutiendo sobre cu\u00e1l debe ser su modelo. Sus m\u00e1ximos responsables hacen declaraciones defendiendo el modelo de servicio p\u00fablico, pero el comportamiento\u00a0 del actual Gobierno en funciones, y las propuestas de la CRUE, no permiten la menor duda al respecto: defienden la privatizaci\u00f3n &hellip; <a href=\"https:\/\/atuspain.es\/wordpress\/?p=541\" class=\"more-link\">Seguir leyendo <span class=\"screen-reader-text\">AHORA O \u00bfNUNCA?<\/span> <span class=\"meta-nav\">&rarr;<\/span><\/a><\/p>\n","protected":false},"author":1,"featured_media":0,"comment_status":"closed","ping_status":"open","sticky":false,"template":"","format":"standard","meta":[],"categories":[3],"tags":[],"_links":{"self":[{"href":"https:\/\/atuspain.es\/wordpress\/index.php?rest_route=\/wp\/v2\/posts\/541"}],"collection":[{"href":"https:\/\/atuspain.es\/wordpress\/index.php?rest_route=\/wp\/v2\/posts"}],"about":[{"href":"https:\/\/atuspain.es\/wordpress\/index.php?rest_route=\/wp\/v2\/types\/post"}],"author":[{"embeddable":true,"href":"https:\/\/atuspain.es\/wordpress\/index.php?rest_route=\/wp\/v2\/users\/1"}],"replies":[{"embeddable":true,"href":"https:\/\/atuspain.es\/wordpress\/index.php?rest_route=%2Fwp%2Fv2%2Fcomments&post=541"}],"version-history":[{"count":2,"href":"https:\/\/atuspain.es\/wordpress\/index.php?rest_route=\/wp\/v2\/posts\/541\/revisions"}],"predecessor-version":[{"id":543,"href":"https:\/\/atuspain.es\/wordpress\/index.php?rest_route=\/wp\/v2\/posts\/541\/revisions\/543"}],"wp:attachment":[{"href":"https:\/\/atuspain.es\/wordpress\/index.php?rest_route=%2Fwp%2Fv2%2Fmedia&parent=541"}],"wp:term":[{"taxonomy":"category","embeddable":true,"href":"https:\/\/atuspain.es\/wordpress\/index.php?rest_route=%2Fwp%2Fv2%2Fcategories&post=541"},{"taxonomy":"post_tag","embeddable":true,"href":"https:\/\/atuspain.es\/wordpress\/index.php?rest_route=%2Fwp%2Fv2%2Ftags&post=541"}],"curies":[{"name":"wp","href":"https:\/\/api.w.org\/{rel}","templated":true}]}}