{"id":477,"date":"2018-11-15T18:04:40","date_gmt":"2018-11-15T12:04:40","guid":{"rendered":"http:\/\/atuspain.es\/wordpress\/?p=477"},"modified":"2022-11-29T00:19:46","modified_gmt":"2022-11-28T18:19:46","slug":"el-eterno-aspirante","status":"publish","type":"post","link":"https:\/\/atuspain.es\/wordpress\/?p=477","title":{"rendered":"El eterno aspirante"},"content":{"rendered":"<p>&nbsp;<\/p>\n<p><a href=\"http:\/\/El eterno aspirante. La Universidad de Alicante veta a un historiador \u201cerudito\u201d pese a tener tres sentencias a favor.\"><span style=\"vertical-align: inherit;\"><span style=\"vertical-align: inherit;\"><span style=\"vertical-align: inherit;\">La Universidad de Alicante veta a un historiador \u00aberudito\u00bb pese a tener tres sentencias a favor.<\/span><\/span><\/span><\/a><\/p>\n<p><em><span style=\"vertical-align: inherit;\"><span style=\"vertical-align: inherit;\"><span style=\"vertical-align: inherit;\"><span style=\"vertical-align: inherit;\">El mundo 10 de diciembre de 2014<\/span><\/span><\/span><\/span><\/em><\/p>\n<p><em><span style=\"vertical-align: inherit;\"><span style=\"vertical-align: inherit;\"><span style=\"vertical-align: inherit;\"><span style=\"vertical-align: inherit;\">JOS\u00c9 ANDR\u00c9S G\u00d3MEZ<\/span><\/span><\/span><\/span><\/em><\/p>\n<div id=\"tamano\" class=\"tamano\">\n<p><span style=\"vertical-align: inherit;\"><span style=\"vertical-align: inherit;\"><span style=\"vertical-align: inherit;\"><span style=\"vertical-align: inherit;\">\u201cMe han asesinado acad\u00e9micamente. <\/span><\/span><\/span><span style=\"vertical-align: inherit;\"><span style=\"vertical-align: inherit;\"><span style=\"vertical-align: inherit;\">Soy un desperdicio universitario \u201d. <\/span><\/span><\/span><span style=\"vertical-align: inherit;\"><span style=\"vertical-align: inherit;\"><span style=\"vertical-align: inherit;\">El lamento de David Garrido, doctor en Historia por la Universidad Aut\u00f3noma de Barcelona (UAB), encierra rabia y decepci\u00f3n tras 11 a\u00f1os de pleitos contra la Universidad de Alicante (UA). <\/span><\/span><\/span><span style=\"vertical-align: inherit;\"><span style=\"vertical-align: inherit;\"><span style=\"vertical-align: inherit;\">La raz\u00f3n, una plaza de profesor, esta instituci\u00f3n, ha sido denegada, despu\u00e9s de tres sentencias, a su favor, entre ellas una del Tribunal Supremo, siendo el \u00fanico candidato.<\/span><\/span><\/span><\/span><\/p>\n<p><span style=\"vertical-align: inherit;\"><span style=\"vertical-align: inherit;\"><span style=\"vertical-align: inherit;\"><span style=\"vertical-align: inherit;\">El pasado 28 de octubre, por tercera vez consecutiva, una comisi\u00f3n evaluadora volvimos a comunicarnos una decisi\u00f3n que ya conoc\u00eda un antemano. <\/span><\/span><\/span><span style=\"vertical-align: inherit;\"><span style=\"vertical-align: inherit;\"><span style=\"vertical-align: inherit;\">La calificaci\u00f3n m\u00e1s reciente de toda la vida en la investigaci\u00f3n: \u00abTotalmente deficiente\u00bb.<\/span><\/span><\/span><\/span><\/p>\n<p><span style=\"vertical-align: inherit;\"><span style=\"vertical-align: inherit;\"><span style=\"vertical-align: inherit;\"><span style=\"vertical-align: inherit;\">La historia comienza el 8 de diciembre de 2001, la fecha en la que se publicar\u00e1 en el BOE, la convocatoria de una\u00a0 <\/span><\/span><\/span><\/span><strong><span style=\"vertical-align: inherit;\"><span style=\"vertical-align: inherit;\"><span style=\"vertical-align: inherit;\"><span style=\"vertical-align: inherit;\">plaza de profesor titular en la UA, el \u00e1rea de Ciencias y T\u00e9cnicas<\/span><\/span><\/span><\/span><\/strong><span style=\"vertical-align: inherit;\"><span style=\"vertical-align: inherit;\"><span style=\"vertical-align: inherit;\"><span style=\"vertical-align: inherit;\"> Hist\u00f3ricas, el \u00e1mbito de Historia Medieval, a la que Garrido, por entonces profesor asociado de Paleograf\u00eda y Diplom\u00e1tica de la UAB. <\/span><\/span><\/span><span style=\"vertical-align: inherit;\"><span style=\"vertical-align: inherit;\"><span style=\"vertical-align: inherit;\">Junto a \u00e9l, la candidata de la casa, Ver\u00f3nica Mateo Ripoll, que durante dos a\u00f1os hab\u00eda trabajado como ayudante en este campus.<\/span><\/span><\/span><\/span><\/p>\n<p><strong><span style=\"vertical-align: inherit;\"><span style=\"vertical-align: inherit;\"><span style=\"vertical-align: inherit;\"><span style=\"vertical-align: inherit;\">\u00abMe present\u00e9 a la plaza en enero de 2003 y me tomaron el pelo\u00bb<\/span><\/span><\/span><\/span><\/strong><span style=\"vertical-align: inherit;\"><span style=\"vertical-align: inherit;\"><span style=\"vertical-align: inherit;\"><span style=\"vertical-align: inherit;\"> , recuerda la historia, que ha publicado en las revistas tan importantes como &#8216;Scriptorium&#8217;, comparable con &#8216;Nature&#8217; o &#8216;Science&#8217; en su campo-. <\/span><\/span><\/span><span style=\"vertical-align: inherit;\"><span style=\"vertical-align: inherit;\"><span style=\"vertical-align: inherit;\">El tribunal de la UA decid\u00eda adjudicar la plaza a Mateo, la hija del entonces gerente de la Fundaci\u00f3n Caja de Ahorros del Mediterr\u00e1neo (CAM) y ese mismo a\u00f1o Premio Maisonnave una propuesta del mismo departamento, pese a no cumplir con los requisitos exigidos por la Ley Org\u00e1nica de Reforma Universitaria (LRU, por sus siglas en ingl\u00e9s) de 1983. El orador, Salvador Ordo\u00f1ez, fue obviado.<\/span><\/span><\/span><\/span><\/p>\n<p><span style=\"vertical-align: inherit;\"><span style=\"vertical-align: inherit;\">Casi cuatro a\u00f1os despu\u00e9s, el 20 de noviembre de 2006, una sentencia del Tribunal Superior de Justicia de la Comunidad Valenciana (TSJCV). <\/span><span style=\"vertical-align: inherit;\">Sin embargo, la decisi\u00f3n, la decisi\u00f3n, el fallo supremo con un recurso de casaci\u00f3n.<\/span><\/span><\/p>\n<p><span style=\"vertical-align: inherit;\"><span style=\"vertical-align: inherit;\">En julio de 2010, el Alto Tribunal ratific\u00f3 la sentencia de TSJCV y obligaba, adem\u00e1s, a la plaza de profesora titular y titular de ostentaba Mateo desde 2003 de forma ilegal y que, en cuesti\u00f3n de un d\u00eda, fue recolocada como profesora contratada doctora en la UA.<\/span><\/span><\/p>\n<p>\u201cA m\u00ed, mientras tanto, me volvieron a convocar en 2010, me encerraron en un cuchitril con la misma comisi\u00f3n evaluadora que me examin\u00f3 en 2003 y me volvieron a suspender\u201d. El examen fue en esta ocasi\u00f3n, cuanto menos, curioso. Los miembros del tribunal dijeron de Garrido que ten\u00eda \u201cuna muy buena producci\u00f3n hist\u00f3rica y human\u00edstica\u201d,<strong>\u00a0un curr\u00edculum propio de un \u201cescritor renacentista\u201d, de un \u201cerudito\u201d<\/strong>, y una formaci\u00f3n \u201cque quiz\u00e1s muchos quisi\u00e9ramos\u201d. Alabaron la labor investigadora del aspirante y, sin embargo, le volvieron a denegar la plaza. Esta vez por no cumplir con el perfil requerido -profesor de Paleograf\u00eda y Diplom\u00e1tica, rama en la que es experto- mientras aseguraban \u201ctener las manos atadas\u201d.<\/p>\n<p>El historiador decid\u00eda acudir por tercera vez a los tribunales con un nuevo contencioso, alegando adem\u00e1s algunas irregularidades en el proceso: uno de los miembros de la comisi\u00f3n que lo evalu\u00f3 hab\u00eda fallecido y no hab\u00eda sido sustituido y otro hab\u00eda intervenido estando ya jubilado. As\u00ed, el 5 de diciembre de 2013, 10 a\u00f1os despu\u00e9s de presentarse a la plaza por primera vez,\u00a0<strong>una nueva sentencia del TSJCV declaraba nulas las actuaciones de la comisi\u00f3n<\/strong>\u00a0e instaba a la UA a repetir el proceso con miembros distintos \u201chabida cuenta de la fundada duda de imparcialidad\u201d de los anteriores.<\/p>\n<p>El pasado 28 de octubre volv\u00eda a repetirse la escena. La UA montaba esta vez un nuevo equipo evaluador y el doctor Garrido se enfrentaba de nuevo al veredicto de un tribunal universitario que volv\u00eda a suspenderlo siendo el \u00fanico aspirante a una plaza convocada hace m\u00e1s de 11 a\u00f1os. La valoraci\u00f3n del curriculum de este historiador, tildado de \u201cerudito\u201d en anteriores convocatorias y, aun as\u00ed, rechazado, ha sido ahora de \u201ctotalmente deficiente\u201d.<\/p>\n<p>El pasado mes de noviembre elevaba al actual rector de la UA, Manuel Palomar, una nueva reclamaci\u00f3n sin muchas esperanzas de ser escuchado. \u201cYo<strong>\u00a0estoy bien jodido, vapuleado, con una carrera enviada a la mierda<\/strong>\u00a0mientras los corruptos campan a sus anchas\u201d, cuenta al otro lado del tel\u00e9fono. La llamada \u201cdiscrecionalidad t\u00e9cnica\u201d ha impedido que sea la Justicia la que valore los m\u00e9ritos de este eterno aspirante y que vuelva a ser convocado a concurso una y otra vez.<\/p>\n<p><strong><span style=\"vertical-align: inherit;\"><span style=\"vertical-align: inherit;\"><span style=\"vertical-align: inherit;\"><span style=\"vertical-align: inherit;\">En el libro desde 2010 y con un hijo de 17 a\u00f1os<\/span><\/span><\/span><\/span><\/strong><span style=\"vertical-align: inherit;\"><span style=\"vertical-align: inherit;\"><span style=\"vertical-align: inherit;\"><span style=\"vertical-align: inherit;\"> , Garrido, a sus 49 a\u00f1os, tiene pocas esperanzas de conseguir la plaza para la que se ha preparado durante toda una vida. <\/span><\/span><\/span><span style=\"vertical-align: inherit;\"><span style=\"vertical-align: inherit;\"><span style=\"vertical-align: inherit;\">Aun as\u00ed, usted tiene que ir m\u00e1s all\u00e1 de su caso particular. <\/span><\/span><\/span><span style=\"vertical-align: inherit;\"><span style=\"vertical-align: inherit;\"><span style=\"vertical-align: inherit;\">\u201cLa endogamia y el nepotismo son los machos end\u00e9micos. <\/span><\/span><\/span><span style=\"vertical-align: inherit;\"><span style=\"vertical-align: inherit;\"><span style=\"vertical-align: inherit;\">La Universidad es una pasta para pasar este d\u00eda tras d\u00eda con total impunidad \u00ab.<\/span><\/span><\/span><\/span><\/p>\n<p><img decoding=\"async\" src=\"http:\/\/atuspain.es\/wordpress\/wp-content\/uploads\/2014\/03\/noticia-david.jpg\" alt=\"noticia david\" \/><\/p>\n<\/div>\n","protected":false},"excerpt":{"rendered":"<p>&nbsp; La Universidad de Alicante veta a un historiador \u00aberudito\u00bb pese a tener tres sentencias a favor. El mundo 10 de diciembre de 2014 JOS\u00c9 ANDR\u00c9S G\u00d3MEZ \u201cMe han asesinado acad\u00e9micamente. Soy un desperdicio universitario \u201d. El lamento de David Garrido, doctor en Historia por la Universidad Aut\u00f3noma de Barcelona (UAB), encierra rabia y decepci\u00f3n &hellip; <a href=\"https:\/\/atuspain.es\/wordpress\/?p=477\" class=\"more-link\">Seguir leyendo <span class=\"screen-reader-text\">El eterno aspirante<\/span> <span class=\"meta-nav\">&rarr;<\/span><\/a><\/p>\n","protected":false},"author":1,"featured_media":0,"comment_status":"closed","ping_status":"open","sticky":false,"template":"","format":"standard","meta":[],"categories":[8],"tags":[],"_links":{"self":[{"href":"https:\/\/atuspain.es\/wordpress\/index.php?rest_route=\/wp\/v2\/posts\/477"}],"collection":[{"href":"https:\/\/atuspain.es\/wordpress\/index.php?rest_route=\/wp\/v2\/posts"}],"about":[{"href":"https:\/\/atuspain.es\/wordpress\/index.php?rest_route=\/wp\/v2\/types\/post"}],"author":[{"embeddable":true,"href":"https:\/\/atuspain.es\/wordpress\/index.php?rest_route=\/wp\/v2\/users\/1"}],"replies":[{"embeddable":true,"href":"https:\/\/atuspain.es\/wordpress\/index.php?rest_route=%2Fwp%2Fv2%2Fcomments&post=477"}],"version-history":[{"count":3,"href":"https:\/\/atuspain.es\/wordpress\/index.php?rest_route=\/wp\/v2\/posts\/477\/revisions"}],"predecessor-version":[{"id":486,"href":"https:\/\/atuspain.es\/wordpress\/index.php?rest_route=\/wp\/v2\/posts\/477\/revisions\/486"}],"wp:attachment":[{"href":"https:\/\/atuspain.es\/wordpress\/index.php?rest_route=%2Fwp%2Fv2%2Fmedia&parent=477"}],"wp:term":[{"taxonomy":"category","embeddable":true,"href":"https:\/\/atuspain.es\/wordpress\/index.php?rest_route=%2Fwp%2Fv2%2Fcategories&post=477"},{"taxonomy":"post_tag","embeddable":true,"href":"https:\/\/atuspain.es\/wordpress\/index.php?rest_route=%2Fwp%2Fv2%2Ftags&post=477"}],"curies":[{"name":"wp","href":"https:\/\/api.w.org\/{rel}","templated":true}]}}